{"id":37947,"date":"2026-09-04T16:32:10","date_gmt":"2026-09-04T23:32:10","guid":{"rendered":"https:\/\/blogs.ufv.ca\/announce\/?p=37947"},"modified":"2026-09-04T16:32:10","modified_gmt":"2026-09-04T23:32:10","slug":"reconcili-action-lunch-sept-29","status":"publish","type":"post","link":"https:\/\/blogs.ufv.ca\/announce\/2026\/09\/04\/reconcili-action-lunch-sept-29\/","title":{"rendered":"Reconcili-Action Lunch &#8212; Sept 29"},"content":{"rendered":"<p><img loading=\"lazy\" decoding=\"async\" class=\"size-thumbnail alignleft wp-image-37948\" src=\"https:\/\/blogs.ufv.ca\/announce\/files\/2026\/09\/Stolo-totilt-Reconcili-Action-1-600x8001-1-150x150.png\" alt=\"\" width=\"150\" height=\"150\" srcset=\"https:\/\/blogs.ufv.ca\/announce\/files\/2026\/09\/Stolo-totilt-Reconcili-Action-1-600x8001-1-150x150.png 150w, https:\/\/blogs.ufv.ca\/announce\/files\/2026\/09\/Stolo-totilt-Reconcili-Action-1-600x8001-1-45x45.png 45w, https:\/\/blogs.ufv.ca\/announce\/files\/2026\/09\/Stolo-totilt-Reconcili-Action-1-600x8001-1-65x65.png 65w\" sizes=\"auto, (max-width: 150px) 100vw, 150px\" \/><\/p>\n<p>At UFV, Indigenous faculty, staff and students support the work of Indigenization and St\u00f3:l\u014d-ization throughout the year. In acknowledgement of National Day for Truth and Reconciliation, we invite you (non-Indigenous faculty, staff, and students) to set the table for Indigenous faculty, staff, and students as a way of uplifting, honoring, and showing appreciation for their patience, humility, and grace as they have guided us along our Indigenization and St\u00f3:l\u014d-ization journeys.<\/p>\n<p>This year we will set the table for the Reconcili-Action lunch following the launch and celebration of the St\u00f3:l\u014d tot\u00ed:lt framework. The Teaching and Learning Centre and Xwexw\u00edlmexwawt are supporting these events.<\/p>\n<p><strong>Event schedule<\/strong><br \/>\n<strong>St\u00f3:l\u014d tot:ilt framework launch and celebration<\/strong><br \/>\n10 am-noon<br \/>\nOrganized by TLC and Xwexw\u00edlmexwawt<\/p>\n<p><strong>Reconcili-Action Lunch and Sharing \u2013 potluck lunch provided by non-Indigenous allies<\/strong><br \/>\n12-1:30 pm<\/p>\n<p>How you can help:<br \/>\nIf you would like to support the Reconcili-Action Lunch, you can contribute in the following ways:<\/p>\n<p>1) Sign up to bring one (or more) of the items from the Items Needed list. Add your name beside items you will provide.<br \/>\n2) Sign up to bring a signature dish. Add your name and the title of your favourite dish. Each dish should serve about 10+ people. Please bring a serving utensil. *Note: Please no bananas or banana products due to airborne allergy.<\/p>\n<p>UFV faculty &amp; staff, please sign up by clicking the button below:<\/p>\n<p>Register here: <a href=\"https:\/\/forms.cloud.microsoft\/Pages\/ResponsePage.aspx?id=HQvRoybC-Uim25dt-RgYfio1ALd821dHv_cmoU5vB15UQVNPQzhBM0M5SVpLWkc0OFJGRzdUMFgyVS4u\">https:\/\/forms.cloud.microsoft\/Pages\/ResponsePage.aspx?id=HQvRoybC-Uim25dt-RgYfio1ALd821dHv_cmoU5vB15UQVNPQzhBM0M5SVpLWkc0OFJGRzdUMFgyVS4u<\/a><\/p>\n<p>If you have any questions about this event, email <a href=\"mailto:TLCevents@ufv.ca\">TLCevents@ufv.ca<\/a><\/p>\n<p>Tues, Sept 29<br \/>\nnoon-1:30 pm<br \/>\nEvered Hall, Student Union Building, UFV Abbotsford campus<\/p>\n<p><a href=\"https:\/\/events.ufv.ca\/tlc\/events\/reconciliaction\/\" target=\"_blank\" rel=\"noopener\">https:\/\/events.ufv.ca\/tlc\/events\/reconciliaction\/<\/a><\/p>\n<p>For more information, contact Michelle Andrus at <a href=\"mailto:TLCevents@ufv.ca\">TLCevents@ufv.ca<\/a><\/p>\n<p style=\"color: #fff;\">09\/29\/2026<\/p>\n","protected":false},"excerpt":{"rendered":"<p>At UFV, Indigenous faculty, staff and students support the work of Indigenization and St\u00f3:l\u014d-ization throughout the year. In acknowledgement of National Day for Truth and Reconciliation, we invite you (non-Indigenous faculty, staff, and students) to set the table for Indigenous faculty, staff, and students as a way of uplifting, honoring, and showing appreciation for their &#8230; <a title=\"Reconcili-Action Lunch &#8212; Sept 29\" class=\"read-more\" href=\"https:\/\/blogs.ufv.ca\/announce\/2026\/09\/04\/reconcili-action-lunch-sept-29\/\">Read more<\/a><\/p>\n","protected":false},"author":13,"featured_media":37948,"comment_status":"closed","ping_status":"closed","sticky":false,"template":"","format":"standard","meta":{"generate_page_header":"","footnotes":""},"categories":[3,10,11],"tags":[],"class_list":["post-37947","post","type-post","status-publish","format-standard","has-post-thumbnail","hentry","category-event","category-myufv","category-ufv-today"],"_links":{"self":[{"href":"https:\/\/blogs.ufv.ca\/announce\/wp-json\/wp\/v2\/posts\/37947","targetHints":{"allow":["GET"]}}],"collection":[{"href":"https:\/\/blogs.ufv.ca\/announce\/wp-json\/wp\/v2\/posts"}],"about":[{"href":"https:\/\/blogs.ufv.ca\/announce\/wp-json\/wp\/v2\/types\/post"}],"author":[{"embeddable":true,"href":"https:\/\/blogs.ufv.ca\/announce\/wp-json\/wp\/v2\/users\/13"}],"replies":[{"embeddable":true,"href":"https:\/\/blogs.ufv.ca\/announce\/wp-json\/wp\/v2\/comments?post=37947"}],"version-history":[{"count":2,"href":"https:\/\/blogs.ufv.ca\/announce\/wp-json\/wp\/v2\/posts\/37947\/revisions"}],"predecessor-version":[{"id":37991,"href":"https:\/\/blogs.ufv.ca\/announce\/wp-json\/wp\/v2\/posts\/37947\/revisions\/37991"}],"wp:featuredmedia":[{"embeddable":true,"href":"https:\/\/blogs.ufv.ca\/announce\/wp-json\/wp\/v2\/media\/37948"}],"wp:attachment":[{"href":"https:\/\/blogs.ufv.ca\/announce\/wp-json\/wp\/v2\/media?parent=37947"}],"wp:term":[{"taxonomy":"category","embeddable":true,"href":"https:\/\/blogs.ufv.ca\/announce\/wp-json\/wp\/v2\/categories?post=37947"},{"taxonomy":"post_tag","embeddable":true,"href":"https:\/\/blogs.ufv.ca\/announce\/wp-json\/wp\/v2\/tags?post=37947"}],"curies":[{"name":"wp","href":"https:\/\/api.w.org\/{rel}","templated":true}]}}