{"id":37941,"date":"2026-09-04T16:39:41","date_gmt":"2026-09-04T23:39:41","guid":{"rendered":"https:\/\/blogs.ufv.ca\/announce\/?p=37941"},"modified":"2026-09-04T16:39:56","modified_gmt":"2026-09-04T23:39:56","slug":"stolo-totilt","status":"publish","type":"post","link":"https:\/\/blogs.ufv.ca\/announce\/2026\/09\/04\/stolo-totilt\/","title":{"rendered":"St\u00f3:l\u014d tot\u00ed:lt launch"},"content":{"rendered":"<p><img loading=\"lazy\" decoding=\"async\" class=\"size-thumbnail alignleft wp-image-37942\" src=\"https:\/\/blogs.ufv.ca\/announce\/files\/2026\/09\/Stolo-totilt-Reconcili-Action-1-600x800-1-150x150.png\" alt=\"\" width=\"150\" height=\"150\" srcset=\"https:\/\/blogs.ufv.ca\/announce\/files\/2026\/09\/Stolo-totilt-Reconcili-Action-1-600x800-1-150x150.png 150w, https:\/\/blogs.ufv.ca\/announce\/files\/2026\/09\/Stolo-totilt-Reconcili-Action-1-600x800-1-45x45.png 45w, https:\/\/blogs.ufv.ca\/announce\/files\/2026\/09\/Stolo-totilt-Reconcili-Action-1-600x800-1-65x65.png 65w\" sizes=\"auto, (max-width: 150px) 100vw, 150px\" \/><\/p>\n<p>Xwexw\u00edlmexwawt and the Teaching and Learning Centre (TLC) are inviting you to celebrate with us the launch of the St\u00f3:l\u014d tot\u00ed:lt (learning) principles poster. There will be a Reconili-Action Luncheon hosted by members of TLC following the launch event. Please note that while these are separate events, we hope that you will join us for both.<\/p>\n<p><strong>Event schedule<\/strong><br \/>\n\u00b7 10 am-noon: St\u00f3:l\u014d tot:ilt framework launch and celebration<br \/>\n\u00b7 12-1:30pm: Reconcili-Action lunch and sharing \u2013 potluck lunch provided by non-Indigenous allies<\/p>\n<p>Register here: <a href=\"https:\/\/forms.cloud.microsoft\/Pages\/ResponsePage.aspx?id=HQvRoybC-Uim25dt-RgYfio1ALd821dHv_cmoU5vB15UQVNPQzhBM0M5SVpLWkc0OFJGRzdUMFgyVS4u\">https:\/\/forms.cloud.microsoft\/Pages\/ResponsePage.aspx?id=HQvRoybC-Uim25dt-RgYfio1ALd821dHv_cmoU5vB15UQVNPQzhBM0M5SVpLWkc0OFJGRzdUMFgyVS4u<\/a><\/p>\n<p>If you have any questions about this event, email <a href=\"mailto:TLCevents@ufv.ca\">TLCevents@ufv.ca<\/a><\/p>\n<p>Tues, Sept 29<br \/>\n10 am-noon<br \/>\nEvered Hall, Student Union Building, Abbotsford campus<\/p>\n<p><a href=\"https:\/\/events.ufv.ca\/tlc\/events\/stolototilt\/\" target=\"_blank\" rel=\"noopener\">https:\/\/events.ufv.ca\/tlc\/events\/stolototilt\/<\/a><\/p>\n<p>For more information, contact Michelle Andrus at <a href=\"mailto:TLCevents@ufv.ca\">TLCevents@ufv.ca<\/a><\/p>\n<p style=\"color: #fff;\">09\/29\/2026<\/p>\n","protected":false},"excerpt":{"rendered":"<p>Xwexw\u00edlmexwawt and the Teaching and Learning Centre (TLC) are inviting you to celebrate with us the launch of the St\u00f3:l\u014d tot\u00ed:lt (learning) principles poster. There will be a Reconili-Action Luncheon hosted by members of TLC following the launch event. Please note that while these are separate events, we hope that you will join us for &#8230; <a title=\"St\u00f3:l\u014d tot\u00ed:lt launch\" class=\"read-more\" href=\"https:\/\/blogs.ufv.ca\/announce\/2026\/09\/04\/stolo-totilt\/\">Read more<\/a><\/p>\n","protected":false},"author":13,"featured_media":37942,"comment_status":"closed","ping_status":"closed","sticky":false,"template":"","format":"standard","meta":{"generate_page_header":"","footnotes":""},"categories":[3,11],"tags":[],"class_list":["post-37941","post","type-post","status-publish","format-standard","has-post-thumbnail","hentry","category-event","category-ufv-today"],"_links":{"self":[{"href":"https:\/\/blogs.ufv.ca\/announce\/wp-json\/wp\/v2\/posts\/37941","targetHints":{"allow":["GET"]}}],"collection":[{"href":"https:\/\/blogs.ufv.ca\/announce\/wp-json\/wp\/v2\/posts"}],"about":[{"href":"https:\/\/blogs.ufv.ca\/announce\/wp-json\/wp\/v2\/types\/post"}],"author":[{"embeddable":true,"href":"https:\/\/blogs.ufv.ca\/announce\/wp-json\/wp\/v2\/users\/13"}],"replies":[{"embeddable":true,"href":"https:\/\/blogs.ufv.ca\/announce\/wp-json\/wp\/v2\/comments?post=37941"}],"version-history":[{"count":3,"href":"https:\/\/blogs.ufv.ca\/announce\/wp-json\/wp\/v2\/posts\/37941\/revisions"}],"predecessor-version":[{"id":37994,"href":"https:\/\/blogs.ufv.ca\/announce\/wp-json\/wp\/v2\/posts\/37941\/revisions\/37994"}],"wp:featuredmedia":[{"embeddable":true,"href":"https:\/\/blogs.ufv.ca\/announce\/wp-json\/wp\/v2\/media\/37942"}],"wp:attachment":[{"href":"https:\/\/blogs.ufv.ca\/announce\/wp-json\/wp\/v2\/media?parent=37941"}],"wp:term":[{"taxonomy":"category","embeddable":true,"href":"https:\/\/blogs.ufv.ca\/announce\/wp-json\/wp\/v2\/categories?post=37941"},{"taxonomy":"post_tag","embeddable":true,"href":"https:\/\/blogs.ufv.ca\/announce\/wp-json\/wp\/v2\/tags?post=37941"}],"curies":[{"name":"wp","href":"https:\/\/api.w.org\/{rel}","templated":true}]}}