{"id":37939,"date":"2026-09-04T16:44:10","date_gmt":"2026-09-04T23:44:10","guid":{"rendered":"https:\/\/blogs.ufv.ca\/announce\/?p=37939"},"modified":"2026-09-04T16:45:16","modified_gmt":"2026-09-04T23:45:16","slug":"xwelitem-siyaya-allyship-and-reconciliation-building-program-returning-fall-2026","status":"publish","type":"post","link":"https:\/\/blogs.ufv.ca\/announce\/2026\/09\/04\/xwelitem-siyaya-allyship-and-reconciliation-building-program-returning-fall-2026\/","title":{"rendered":"Xwel\u00edtem Siy\u00e1ya: Allyship and Reconciliation Building program &#8212; returning Fall 2026"},"content":{"rendered":"<p>Xwel\u00edtem Siy\u00e1ya: Allyship and Reconciliation Building program<\/p>\n<p>Returning Fall 2026<\/p>\n<p>The UFV Peace and Reconciliation Centre&#8217;s Xwel\u00edtem Siy\u00e1ya: Allyship and Reconciliation Building program is returning this fall with a renewed structure designed to support ongoing learning and relationship-building. Developed in partnership with St\u00f3:l\u014d organizations and community leaders, the program invites participants to build a grounded understanding of Indigenous\u2013settler histories, responsibilities, relationships, and reconciliation through place-based learning, dialogue, reflection, and engagement.<\/p>\n<p>The restructured program will offer Foundations and Expanded Learnings streams, with individual modules and workshops available throughout the year.<\/p>\n<p>Registration for Fall 2026 Foundations offerings are open now on the PARC website.<\/p>\n<p><a href=\"https:\/\/www.ufv.ca\/peace-and-reconciliation\/work\/allyship\/\" target=\"_blank\" rel=\"noopener\">https:\/\/www.ufv.ca\/peace-and-reconciliation\/work\/allyship\/<\/a><\/p>\n<p>For more information, contact Leanne Jarrett at <a href=\"mailto:leanne.jarrett@ufv.ca\">leanne.jarrett@ufv.ca<\/a><\/p>\n<p style=\"color: #fff;\">10\/08\/2026<\/p>\n","protected":false},"excerpt":{"rendered":"<p>Xwel\u00edtem Siy\u00e1ya: Allyship and Reconciliation Building program Returning Fall 2026 The UFV Peace and Reconciliation Centre&#8217;s Xwel\u00edtem Siy\u00e1ya: Allyship and Reconciliation Building program is returning this fall with a renewed structure designed to support ongoing learning and relationship-building. Developed in partnership with St\u00f3:l\u014d organizations and community leaders, the program invites participants to build a grounded &#8230; <a title=\"Xwel\u00edtem Siy\u00e1ya: Allyship and Reconciliation Building program &#8212; returning Fall 2026\" class=\"read-more\" href=\"https:\/\/blogs.ufv.ca\/announce\/2026\/09\/04\/xwelitem-siyaya-allyship-and-reconciliation-building-program-returning-fall-2026\/\">Read more<\/a><\/p>\n","protected":false},"author":13,"featured_media":0,"comment_status":"closed","ping_status":"closed","sticky":false,"template":"","format":"standard","meta":{"generate_page_header":"","footnotes":""},"categories":[10,4,11],"tags":[],"class_list":["post-37939","post","type-post","status-publish","format-standard","hentry","category-myufv","category-opportunity","category-ufv-today"],"_links":{"self":[{"href":"https:\/\/blogs.ufv.ca\/announce\/wp-json\/wp\/v2\/posts\/37939","targetHints":{"allow":["GET"]}}],"collection":[{"href":"https:\/\/blogs.ufv.ca\/announce\/wp-json\/wp\/v2\/posts"}],"about":[{"href":"https:\/\/blogs.ufv.ca\/announce\/wp-json\/wp\/v2\/types\/post"}],"author":[{"embeddable":true,"href":"https:\/\/blogs.ufv.ca\/announce\/wp-json\/wp\/v2\/users\/13"}],"replies":[{"embeddable":true,"href":"https:\/\/blogs.ufv.ca\/announce\/wp-json\/wp\/v2\/comments?post=37939"}],"version-history":[{"count":3,"href":"https:\/\/blogs.ufv.ca\/announce\/wp-json\/wp\/v2\/posts\/37939\/revisions"}],"predecessor-version":[{"id":37996,"href":"https:\/\/blogs.ufv.ca\/announce\/wp-json\/wp\/v2\/posts\/37939\/revisions\/37996"}],"wp:attachment":[{"href":"https:\/\/blogs.ufv.ca\/announce\/wp-json\/wp\/v2\/media?parent=37939"}],"wp:term":[{"taxonomy":"category","embeddable":true,"href":"https:\/\/blogs.ufv.ca\/announce\/wp-json\/wp\/v2\/categories?post=37939"},{"taxonomy":"post_tag","embeddable":true,"href":"https:\/\/blogs.ufv.ca\/announce\/wp-json\/wp\/v2\/tags?post=37939"}],"curies":[{"name":"wp","href":"https:\/\/api.w.org\/{rel}","templated":true}]}}