{"id":37924,"date":"2026-09-04T17:41:32","date_gmt":"2026-09-05T00:41:32","guid":{"rendered":"https:\/\/blogs.ufv.ca\/announce\/?p=37924"},"modified":"2026-09-04T17:42:19","modified_gmt":"2026-09-05T00:42:19","slug":"discussing-residential-schools-local-perspectives-sept-9","status":"publish","type":"post","link":"https:\/\/blogs.ufv.ca\/announce\/2026\/09\/04\/discussing-residential-schools-local-perspectives-sept-9\/","title":{"rendered":"Discussing Residential Schools: Local Perspectives &#8212; Sept 9"},"content":{"rendered":"<p><img loading=\"lazy\" decoding=\"async\" class=\"size-thumbnail alignleft wp-image-37925\" src=\"https:\/\/blogs.ufv.ca\/announce\/files\/2026\/09\/Cultural-experiences-150x150.jpg\" alt=\"\" width=\"150\" height=\"150\" srcset=\"https:\/\/blogs.ufv.ca\/announce\/files\/2026\/09\/Cultural-experiences-150x150.jpg 150w, https:\/\/blogs.ufv.ca\/announce\/files\/2026\/09\/Cultural-experiences-45x45.jpg 45w, https:\/\/blogs.ufv.ca\/announce\/files\/2026\/09\/Cultural-experiences-65x65.jpg 65w\" sizes=\"auto, (max-width: 150px) 100vw, 150px\" \/><\/p>\n<p>A part of the St\u00f3:l\u014d Research and Resource Management Centre&#8217;s Cultural Experience Series Events<\/p>\n<p>Featuring St\u00f3:l\u014d Grand Chief Dr. Clarence Pennier, Dr. Dave Schaepe (SRRMC), and Dr. Keith Thor Carlson (UFV), alongside additional researchers from the SRRMC<\/p>\n<p>Wed, Sept 9<br \/>\n6-8 pm<br \/>\nSpirit of Hope Secondary School, Hope<br \/>\n444 Stuart Street &#8212; Commons Room<\/p>\n<p>Come engage in a candid and culturally grounded discussion facilitated by Winchester Victor. The evening will start with a short presentation before the floor is opened for thoughtful questions and dialogue.<\/p>\n<p>Participation in previous Discussing Residential Schools: Local Perspectives sessions is not required. All are welcome to join us for one or both of the fall discussions.<\/p>\n<p>Upcoming additional date:<\/p>\n<p>November 18, 6-8 pm<br \/>\n(Chilliwack)<br \/>\nat the Gathering Space,<br \/>\nUFV Chilliwack campus<br \/>\n45190 Caen Ave, Building A &#8212; Chilliwack<\/p>\n<p>We look forward to continuing these important conversations together.<\/p>\n<p>Wed, Sept 9<br \/>\n6-8 pm<br \/>\nSpirit of Hope Secondary School, Hope 444 Stuart Street &#8211; Common\u2019s Room<\/p>\n<p><a href=\"https:\/\/www.ufv.ca\/peace-and-reconciliation\/events--programs\/\" target=\"_blank\" rel=\"noopener\">https:\/\/www.ufv.ca\/peace-and-reconciliation\/events&#8211;programs\/<\/a><\/p>\n<p>For more information, contact Leanne Jarrett at <a href=\"mailto:leanne.jarrett@ufv.ca\">leanne.jarrett@ufv.ca<\/a><\/p>\n<p style=\"color: #fff;\">09\/10\/2026<\/p>\n","protected":false},"excerpt":{"rendered":"<p>A part of the St\u00f3:l\u014d Research and Resource Management Centre&#8217;s Cultural Experience Series Events Featuring St\u00f3:l\u014d Grand Chief Dr. Clarence Pennier, Dr. Dave Schaepe (SRRMC), and Dr. Keith Thor Carlson (UFV), alongside additional researchers from the SRRMC Wed, Sept 9 6-8 pm Spirit of Hope Secondary School, Hope 444 Stuart Street &#8212; Commons Room Come &#8230; <a title=\"Discussing Residential Schools: Local Perspectives &#8212; Sept 9\" class=\"read-more\" href=\"https:\/\/blogs.ufv.ca\/announce\/2026\/09\/04\/discussing-residential-schools-local-perspectives-sept-9\/\">Read more<\/a><\/p>\n","protected":false},"author":13,"featured_media":37925,"comment_status":"closed","ping_status":"closed","sticky":false,"template":"","format":"standard","meta":{"generate_page_header":"","footnotes":""},"categories":[3,10,12,11],"tags":[],"class_list":["post-37924","post","type-post","status-publish","format-standard","has-post-thumbnail","hentry","category-event","category-myufv","category-calendar","category-ufv-today"],"_links":{"self":[{"href":"https:\/\/blogs.ufv.ca\/announce\/wp-json\/wp\/v2\/posts\/37924","targetHints":{"allow":["GET"]}}],"collection":[{"href":"https:\/\/blogs.ufv.ca\/announce\/wp-json\/wp\/v2\/posts"}],"about":[{"href":"https:\/\/blogs.ufv.ca\/announce\/wp-json\/wp\/v2\/types\/post"}],"author":[{"embeddable":true,"href":"https:\/\/blogs.ufv.ca\/announce\/wp-json\/wp\/v2\/users\/13"}],"replies":[{"embeddable":true,"href":"https:\/\/blogs.ufv.ca\/announce\/wp-json\/wp\/v2\/comments?post=37924"}],"version-history":[{"count":2,"href":"https:\/\/blogs.ufv.ca\/announce\/wp-json\/wp\/v2\/posts\/37924\/revisions"}],"predecessor-version":[{"id":38014,"href":"https:\/\/blogs.ufv.ca\/announce\/wp-json\/wp\/v2\/posts\/37924\/revisions\/38014"}],"wp:featuredmedia":[{"embeddable":true,"href":"https:\/\/blogs.ufv.ca\/announce\/wp-json\/wp\/v2\/media\/37925"}],"wp:attachment":[{"href":"https:\/\/blogs.ufv.ca\/announce\/wp-json\/wp\/v2\/media?parent=37924"}],"wp:term":[{"taxonomy":"category","embeddable":true,"href":"https:\/\/blogs.ufv.ca\/announce\/wp-json\/wp\/v2\/categories?post=37924"},{"taxonomy":"post_tag","embeddable":true,"href":"https:\/\/blogs.ufv.ca\/announce\/wp-json\/wp\/v2\/tags?post=37924"}],"curies":[{"name":"wp","href":"https:\/\/api.w.org\/{rel}","templated":true}]}}