{"id":37913,"date":"2026-09-04T17:04:48","date_gmt":"2026-09-05T00:04:48","guid":{"rendered":"https:\/\/blogs.ufv.ca\/announce\/?p=37913"},"modified":"2026-09-04T17:04:48","modified_gmt":"2026-09-05T00:04:48","slug":"legacy-of-a-lynching-creating-a-resting-heart-documentary-screening-and-conversation-sept-23","status":"publish","type":"post","link":"https:\/\/blogs.ufv.ca\/announce\/2026\/09\/04\/legacy-of-a-lynching-creating-a-resting-heart-documentary-screening-and-conversation-sept-23\/","title":{"rendered":"Legacy of a Lynching \u2014 Creating A Resting Heart: Documentary Screening and Conversation &#8212; Sept 23"},"content":{"rendered":"<p>Debut screening of a documentary that explores ongoing legacies associated with the 1884 lynching of Louie Sam, a 15-year-old St\u00f3:l\u014d boy<\/p>\n<p>Presented by the Peace and Reconciliation Centre (PARC) at the University of the Fraser Valley in partnership with the City of Abbotsford\u2019s Culture City Program Series.<\/p>\n<p>Join us for the public debut screening of Legacy of a Lynching \u2014 Creating A Resting Heart, a documentary produced by the Peace and Reconciliation Centre and Desir\u00e9 Kokuvi Amouzou that explores ongoing legacies associated with the 1884 lynching of Louie Sam, a 15-year-old St\u00f3:l\u014d boy.<\/p>\n<p>In February 1884, Louie Sam was wrongfully accused of the murder of an American settler and taken into custody by British Columbia officials. Before he could face the Canadian justice system, he was taken from custody by a group of approximately 100 American vigilantes from Whatcom County and lynched in Canada near the Canada-United States border. Despite investigations into his death, those responsible were never held accountable.<\/p>\n<p>A Resting Heart follows John Emmery, a descendant of one of the men responsible for Louie murder, as he works to deliver a personal apology to Louie Sam and the Sem\u00e1:th community. The harm committed by his ancestor is still causing pain and trauma today, to St\u00f3:l\u014d people and settlers both. Through his journey, the documentary invites reflection on accountability, reconciliation, and the difficult work of confronting histories of violence, racism, and colonial injustice.<\/p>\n<p>At the heart of the film are the voices, knowledge, and generosity of spirit of the Sem\u00e1:th First Nation and St\u00f3:l\u014d community.<\/p>\n<p>Louie Sam\u2019s death is a tragic and criminal part of our history. A Resting Heart honours his memory and creates space for compassion, empathy, healing, and justice. It challenges us to recognize that we all have a responsibility to remember, to learn from, and to respond to the past.<\/p>\n<p>Taking place shortly before September 30, the National Day for Truth and Reconciliation, the evening will begin with opening remarks from Dr. Keith Thor Carlson and will conclude with a brief conversation and Q&amp;A featuring Grand Chief Clarence \u201cKat\u201d Pennier, Chief Dalton Silver, Dr. Keith Thor Carlson, John Emmery, and Desir\u00e9 Kokuvi Amouzou.<\/p>\n<p>As part of the City of Abbotsford\u2019s Culture City Program Series under the theme of Dialogue, this evening offers an opportunity to listen, learn, and engage in meaningful conversation about history, memory, accountability, and reconciliation.<\/p>\n<p>Event Details<br \/>\nWednesday, September 23, 2026<br \/>\n6:00 PM \u2013 8:00 PM<br \/>\nMatsqui Centennial Auditorium<br \/>\n32315 South Fraser Way, Abbotsford, BC<\/p>\n<p>This event is free to attend. Advance registration through Find You in the Valley&#8217;s website is requested.<\/p>\n<p>Content warning: This film and conversation include discussion of the lynching of Louie Sam, colonization, racism, anti-Indigenous violence, historical injustice, and the impacts of colonial systems on St\u00f3:l\u014d communities. Attendee discretion is advised.<\/p>\n<p>09\/23\/2026 &#8211; 09\/23\/2026<br \/>\n06:00 pm &#8211; 08:00 pm<br \/>\nMatsqui Centennial Auditorium 32315 South Fraser Way, Abbotsford, BC<\/p>\n<p><a href=\"https:\/\/findyou.ca\/a-resting-heart#rsvp\" target=\"_blank\" rel=\"noopener\">https:\/\/findyou.ca\/a-resting-heart#rsvp<\/a><\/p>\n<p>For more information, contact Leanne Jarrett at <a href=\"mailto:leanne.jarrett@ufv.ca\">leanne.jarrett@ufv.ca<\/a><\/p>\n<p style=\"color: #fff;\">09\/24\/2026<\/p>\n","protected":false},"excerpt":{"rendered":"<p>Debut screening of a documentary that explores ongoing legacies associated with the 1884 lynching of Louie Sam, a 15-year-old St\u00f3:l\u014d boy Presented by the Peace and Reconciliation Centre (PARC) at the University of the Fraser Valley in partnership with the City of Abbotsford\u2019s Culture City Program Series. Join us for the public debut screening of &#8230; <a title=\"Legacy of a Lynching \u2014 Creating A Resting Heart: Documentary Screening and Conversation &#8212; Sept 23\" class=\"read-more\" href=\"https:\/\/blogs.ufv.ca\/announce\/2026\/09\/04\/legacy-of-a-lynching-creating-a-resting-heart-documentary-screening-and-conversation-sept-23\/\">Read more<\/a><\/p>\n","protected":false},"author":13,"featured_media":0,"comment_status":"closed","ping_status":"closed","sticky":false,"template":"","format":"standard","meta":{"generate_page_header":"","footnotes":""},"categories":[3,10,12,11],"tags":[],"class_list":["post-37913","post","type-post","status-publish","format-standard","hentry","category-event","category-myufv","category-calendar","category-ufv-today"],"_links":{"self":[{"href":"https:\/\/blogs.ufv.ca\/announce\/wp-json\/wp\/v2\/posts\/37913","targetHints":{"allow":["GET"]}}],"collection":[{"href":"https:\/\/blogs.ufv.ca\/announce\/wp-json\/wp\/v2\/posts"}],"about":[{"href":"https:\/\/blogs.ufv.ca\/announce\/wp-json\/wp\/v2\/types\/post"}],"author":[{"embeddable":true,"href":"https:\/\/blogs.ufv.ca\/announce\/wp-json\/wp\/v2\/users\/13"}],"replies":[{"embeddable":true,"href":"https:\/\/blogs.ufv.ca\/announce\/wp-json\/wp\/v2\/comments?post=37913"}],"version-history":[{"count":2,"href":"https:\/\/blogs.ufv.ca\/announce\/wp-json\/wp\/v2\/posts\/37913\/revisions"}],"predecessor-version":[{"id":37999,"href":"https:\/\/blogs.ufv.ca\/announce\/wp-json\/wp\/v2\/posts\/37913\/revisions\/37999"}],"wp:attachment":[{"href":"https:\/\/blogs.ufv.ca\/announce\/wp-json\/wp\/v2\/media?parent=37913"}],"wp:term":[{"taxonomy":"category","embeddable":true,"href":"https:\/\/blogs.ufv.ca\/announce\/wp-json\/wp\/v2\/categories?post=37913"},{"taxonomy":"post_tag","embeddable":true,"href":"https:\/\/blogs.ufv.ca\/announce\/wp-json\/wp\/v2\/tags?post=37913"}],"curies":[{"name":"wp","href":"https:\/\/api.w.org\/{rel}","templated":true}]}}